{"id":2448,"date":"2018-11-06T15:14:55","date_gmt":"2018-11-06T14:14:55","guid":{"rendered":"https:\/\/willybrandtcenter.org\/?p=2448"},"modified":"2018-11-13T14:10:25","modified_gmt":"2018-11-13T13:10:25","slug":"freiwillige-vor-2019","status":"publish","type":"post","link":"https:\/\/willybrandtcenter.org\/en\/de\/freiwillige-vor-2019\/","title":{"rendered":"Freiwilligendienst 2019\/2020 im Willy Brandt Center Jerusalem"},"content":{"rendered":"<h2>Ein Jahr entwicklungspolitischer Lern- und Hilfsdienst\u00a0in einem internationalen Team<\/h2>\n<p>Das Willy Brandt Center Jerusalem (WBC) sucht wieder einen Freiwilligen oder eine Freiwillige f\u00fcr ein freiwilliges Jahr (August 2018\u2013August 2019). Wir m\u00f6chten aktiven Menschen erm\u00f6glichen, Erfahrungen im Ausland, au\u00dferhalb ihrer Komfortzone und im Bereich der internationalen Jugendverbands- und Friedensarbeit zu sammeln. Dabei geht es um pers\u00f6nliche und inhaltliche Weiterentwicklung sowie das Erlernen interkultureller, methodischer und praktischer Kompetenzen in einem multilateralen Team in einer konfliktsensiblen Umgebung. Gleichzeitig geht es um die Unterst\u00fctzung des Teams und der Projekte des WBC.<\/p>\n<p>Die Aufgaben des*der Freiwilligen ist die Unterst\u00fctzung des deutsch-israelisch-pal\u00e4stinensischen Teams des WBC in der t\u00e4glichen Arbeit und in der Vorbereitung, Durchf\u00fchrung und Dokumentation von Projekten, Veranstaltungen und Delegationen. Dazu geh\u00f6ren Aufgaben im Bereich der Organisation, \u00d6ffentlichkeitsarbeit, Social Media und vieles mehr. Dar\u00fcber hinaus soll der*die Freiwillige auch die M\u00f6glichkeit haben, eigenen Projekte und Ideen zu verwirklichen.<\/p>\n<h3>Wir suchen Menschen, die<\/h3>\n<p>&#8211; Erfahrungen in politischen Jugendverb\u00e4nden \u2013 wie den Jusos in der SPD oder der SJD \u2013 Die Falken \u2013 haben,<br \/>\n&#8211; sich gut auf Englisch verst\u00e4ndigen k\u00f6nnen und Interesse haben, auch Hebr\u00e4isch oder Arabisch zu lernen,<br \/>\n&#8211; \u00fcber Erfahrungen in Presse- und \u00d6ffentlichkeitsarbeit, im Verfassen von Texten, in Social Media, Fotografie oder Homepagegestaltung verf\u00fcgen,<br \/>\n&#8211; selbstst\u00e4ndig und organisiert arbeiten k\u00f6nnen, pers\u00f6nliche Reife und Belastbarkeit f\u00fcr ein Jahr in Jerusalem mitbringen,<br \/>\n&#8211; offen gegen\u00fcber den Kulturen und Religionen des Nahen Ostens sind,<br \/>\n&#8211; zwischen 18 und 28 Jahren alt sind und die deutsche Staatsb\u00fcrgerschaft oder ein entsprechendes Aufenthaltsrecht haben,<br \/>\n&#8211; einen Hauptschul- oder Realabschluss mit abgeschlossener Berufsausbildung oder die Fachhochschulreife bzw. Allgemeine Hochschulreife besitzen. Wir wollen besonders Menschen zur Bewerbung ermutigen, die bereits eine Berufsausbildung, einen ersten Studienabschluss oder eine vergleichbare Arbeitserfahrung haben.<\/p>\n<p>Der Zeitraum des Freiwilligendienstes im Rahmen des <em>weltw\u00e4rts-<\/em>Programms des Bundesministeriums f\u00fcr wirtschaftliche Zusammenarbeit und Entwicklung ist auf zw\u00f6lf Monate ausgelegt. F\u00fcr die Entsendung kooperieren wir mit dem Diakonischen Werk W\u00fcrttemberg. Die Vorbereitung im Rahmen von Seminaren, die Begleitung w\u00e4hrend des Jahres, die Auswertung und R\u00fcckkehrprojekte nach dem Freiwilligendienst werden vom Diakonischen Werk W\u00fcrttemberg im Rahmen des Programms \u201ex-change\u201c organisiert und durchgef\u00fchrt.<\/p>\n<h3>Sollten wir Dein Interesse geweckt haben<\/h3>\n<ul>\n<li>Informiere Dich \u00fcber die Arbeit des Willy Brandt Centers im Internet!<br \/>\nInformiere Dich \u00fcber das Programm \u201ex-change\u201c \u2013 <em>weltw\u00e4rts<\/em> und lade Dir die Bewerbungsunterlagen auf <a href=\"http:\/\/ran-ans-leben-diakonie.de\" target=\"_blank\" rel=\"noopener\">ran-ans-leben-diakonie.de<\/a> herunter.<br \/>\nWeitere Informationen zur T\u00e4tigkeit des*r Freiwilligen, zur Sicherheitssituation sowie organisatorische Fragen und Fragen zum WBC stellst Du an Paul Stier, Vorstandsmitglied des Willy-Brandt-Zentrum e.V., und ehemaliger Freiwilliger: <a href=\"mailto:paul.s@willybrandtcenter.org\">paul.s@willybrandtcenter.org<\/a><br \/>\nFragen zur Diakonie und dem Bewerbungsverfahren stellst Du an Rachel Holzheimer vom Diakonischen Werk W\u00fcrttemberg: <a href=\"mailto:Holzheimer.R@diakonie-wuerttemberg.de\">Holzheimer.R@diakonie-wuerttemberg.de<\/a><br \/>\nUnd dann: schicke uns Deine Bewerbung an die Diakonie \u2013 wie auf <a href=\"http:\/\/ran-ans-leben-diakonie.de\" target=\"_blank\" rel=\"noopener\">ran-ans-leben-diakonie.de<\/a> beschrieben.<\/li>\n<\/ul>\n<p><strong>Einsendeschluss f\u00fcr die Bewerbungen ist der 3. Dezember 2018.<\/strong><\/p>\n","protected":false},"excerpt":{"rendered":"<p>Ein Jahr entwicklungspolitischer Lern- und Hilfsdienst\u00a0in einem internationalen Team Das Willy Brandt Center Jerusalem (WBC) sucht wieder einen Freiwilligen oder eine Freiwillige f\u00fcr ein freiwilliges Jahr (August 2018\u2013August 2019). Wir m\u00f6chten aktiven Menschen erm\u00f6glichen, Erfahrungen im Ausland, au\u00dferhalb ihrer Komfortzone und im Bereich der internationalen Jugendverbands- und Friedensarbeit zu sammeln. Dabei geht es um pers\u00f6nliche [&hellip;]<\/p>\n","protected":false},"author":3,"featured_media":1977,"comment_status":"closed","ping_status":"open","sticky":false,"template":"","format":"standard","meta":[],"categories":[3],"tags":[24,23,25],"yoast_head":"<!-- This site is optimized with the Yoast SEO plugin v17.5 - https:\/\/yoast.com\/wordpress\/plugins\/seo\/ -->\n<title>Freiwilligendienst 2019\/2020 im Willy Brandt Center Jerusalem<\/title>\n<meta name=\"description\" content=\"Bewerber*innen, die eine Ausbildung, Studienabschluss oder eine vergleichbare Arbeitserfahrung haben, sind besonders gesucht.\" \/>\n<meta name=\"robots\" content=\"index, follow, max-snippet:-1, max-image-preview:large, max-video-preview:-1\" \/>\n<link rel=\"canonical\" href=\"https:\/\/willybrandtcenter.org\/en\/de\/freiwillige-vor-2019\/\" \/>\n<meta property=\"og:locale\" content=\"de_DE\" \/>\n<meta property=\"og:type\" content=\"article\" \/>\n<meta property=\"og:title\" content=\"Freiwilligendienst 2019\/2020 im Willy Brandt Center Jerusalem\" \/>\n<meta property=\"og:description\" content=\"Bewerber*innen, die eine Ausbildung, Studienabschluss oder eine vergleichbare Arbeitserfahrung haben, sind besonders gesucht.\" \/>\n<meta property=\"og:url\" content=\"https:\/\/willybrandtcenter.org\/en\/de\/freiwillige-vor-2019\/\" \/>\n<meta property=\"og:site_name\" content=\"Willy Brandt Center Jerusalem\" \/>\n<meta property=\"article:published_time\" content=\"2018-11-06T14:14:55+00:00\" \/>\n<meta property=\"article:modified_time\" content=\"2018-11-13T13:10:25+00:00\" \/>\n<meta property=\"og:image\" content=\"https:\/\/willybrandtcenter.org\/wp-content\/uploads\/2015\/05\/jerusalem-650436_1920-2.jpg\" \/>\n\t<meta property=\"og:image:width\" content=\"1920\" \/>\n\t<meta property=\"og:image:height\" content=\"1280\" \/>\n<meta name=\"twitter:card\" content=\"summary\" \/>\n<meta name=\"twitter:label1\" content=\"Verfasst von\" \/>\n\t<meta name=\"twitter:data1\" content=\"see stern\" \/>\n\t<meta name=\"twitter:label2\" content=\"Gesch\u00e4tzte Lesezeit\" \/>\n\t<meta name=\"twitter:data2\" content=\"2\u00a0Minuten\" \/>\n<script type=\"application\/ld+json\" class=\"yoast-schema-graph\">{\"@context\":\"https:\/\/schema.org\",\"@graph\":[{\"@type\":\"WebSite\",\"@id\":\"https:\/\/willybrandtcenter.org\/en\/en\/#website\",\"url\":\"https:\/\/willybrandtcenter.org\/en\/en\/\",\"name\":\"Willy Brandt Center Jerusalem\",\"description\":\"\",\"potentialAction\":[{\"@type\":\"SearchAction\",\"target\":{\"@type\":\"EntryPoint\",\"urlTemplate\":\"https:\/\/willybrandtcenter.org\/en\/en\/?s={search_term_string}\"},\"query-input\":\"required name=search_term_string\"}],\"inLanguage\":\"de\"},{\"@type\":\"ImageObject\",\"@id\":\"https:\/\/willybrandtcenter.org\/en\/de\/freiwillige-vor-2019\/#primaryimage\",\"inLanguage\":\"de\",\"url\":\"https:\/\/willybrandtcenter.org\/wp-content\/uploads\/2015\/05\/jerusalem-650436_1920-2.jpg\",\"contentUrl\":\"https:\/\/willybrandtcenter.org\/wp-content\/uploads\/2015\/05\/jerusalem-650436_1920-2.jpg\",\"width\":1920,\"height\":1280},{\"@type\":\"WebPage\",\"@id\":\"https:\/\/willybrandtcenter.org\/en\/de\/freiwillige-vor-2019\/#webpage\",\"url\":\"https:\/\/willybrandtcenter.org\/en\/de\/freiwillige-vor-2019\/\",\"name\":\"Freiwilligendienst 2019\/2020 im Willy Brandt Center Jerusalem\",\"isPartOf\":{\"@id\":\"https:\/\/willybrandtcenter.org\/en\/en\/#website\"},\"primaryImageOfPage\":{\"@id\":\"https:\/\/willybrandtcenter.org\/en\/de\/freiwillige-vor-2019\/#primaryimage\"},\"datePublished\":\"2018-11-06T14:14:55+00:00\",\"dateModified\":\"2018-11-13T13:10:25+00:00\",\"author\":{\"@id\":\"https:\/\/willybrandtcenter.org\/en\/en\/#\/schema\/person\/9ce466a5a19b1e4624e7adb23113c7c3\"},\"description\":\"Bewerber*innen, die eine Ausbildung, Studienabschluss oder eine vergleichbare Arbeitserfahrung haben, sind besonders gesucht.\",\"breadcrumb\":{\"@id\":\"https:\/\/willybrandtcenter.org\/en\/de\/freiwillige-vor-2019\/#breadcrumb\"},\"inLanguage\":\"de\",\"potentialAction\":[{\"@type\":\"ReadAction\",\"target\":[\"https:\/\/willybrandtcenter.org\/en\/de\/freiwillige-vor-2019\/\"]}]},{\"@type\":\"BreadcrumbList\",\"@id\":\"https:\/\/willybrandtcenter.org\/en\/de\/freiwillige-vor-2019\/#breadcrumb\",\"itemListElement\":[{\"@type\":\"ListItem\",\"position\":1,\"name\":\"Home\",\"item\":\"https:\/\/willybrandtcenter.org\/en\/de\/\"},{\"@type\":\"ListItem\",\"position\":2,\"name\":\"Freiwilligendienst 2019\/2020 im Willy Brandt Center Jerusalem\"}]},{\"@type\":\"Person\",\"@id\":\"https:\/\/willybrandtcenter.org\/en\/en\/#\/schema\/person\/9ce466a5a19b1e4624e7adb23113c7c3\",\"name\":\"see stern\",\"url\":\"https:\/\/willybrandtcenter.org\/en\/de\/author\/cheb\/\"}]}<\/script>\n<!-- \/ Yoast SEO plugin. -->","yoast_head_json":{"title":"Freiwilligendienst 2019\/2020 im Willy Brandt Center Jerusalem","description":"Bewerber*innen, die eine Ausbildung, Studienabschluss oder eine vergleichbare Arbeitserfahrung haben, sind besonders gesucht.","robots":{"index":"index","follow":"follow","max-snippet":"max-snippet:-1","max-image-preview":"max-image-preview:large","max-video-preview":"max-video-preview:-1"},"canonical":"https:\/\/willybrandtcenter.org\/en\/de\/freiwillige-vor-2019\/","og_locale":"de_DE","og_type":"article","og_title":"Freiwilligendienst 2019\/2020 im Willy Brandt Center Jerusalem","og_description":"Bewerber*innen, die eine Ausbildung, Studienabschluss oder eine vergleichbare Arbeitserfahrung haben, sind besonders gesucht.","og_url":"https:\/\/willybrandtcenter.org\/en\/de\/freiwillige-vor-2019\/","og_site_name":"Willy Brandt Center Jerusalem","article_published_time":"2018-11-06T14:14:55+00:00","article_modified_time":"2018-11-13T13:10:25+00:00","og_image":[{"width":1920,"height":1280,"url":"https:\/\/willybrandtcenter.org\/wp-content\/uploads\/2015\/05\/jerusalem-650436_1920-2.jpg","type":"image\/jpeg"}],"twitter_card":"summary","twitter_misc":{"Verfasst von":"see stern","Gesch\u00e4tzte Lesezeit":"2\u00a0Minuten"},"schema":{"@context":"https:\/\/schema.org","@graph":[{"@type":"WebSite","@id":"https:\/\/willybrandtcenter.org\/en\/en\/#website","url":"https:\/\/willybrandtcenter.org\/en\/en\/","name":"Willy Brandt Center Jerusalem","description":"","potentialAction":[{"@type":"SearchAction","target":{"@type":"EntryPoint","urlTemplate":"https:\/\/willybrandtcenter.org\/en\/en\/?s={search_term_string}"},"query-input":"required name=search_term_string"}],"inLanguage":"de"},{"@type":"ImageObject","@id":"https:\/\/willybrandtcenter.org\/en\/de\/freiwillige-vor-2019\/#primaryimage","inLanguage":"de","url":"https:\/\/willybrandtcenter.org\/wp-content\/uploads\/2015\/05\/jerusalem-650436_1920-2.jpg","contentUrl":"https:\/\/willybrandtcenter.org\/wp-content\/uploads\/2015\/05\/jerusalem-650436_1920-2.jpg","width":1920,"height":1280},{"@type":"WebPage","@id":"https:\/\/willybrandtcenter.org\/en\/de\/freiwillige-vor-2019\/#webpage","url":"https:\/\/willybrandtcenter.org\/en\/de\/freiwillige-vor-2019\/","name":"Freiwilligendienst 2019\/2020 im Willy Brandt Center Jerusalem","isPartOf":{"@id":"https:\/\/willybrandtcenter.org\/en\/en\/#website"},"primaryImageOfPage":{"@id":"https:\/\/willybrandtcenter.org\/en\/de\/freiwillige-vor-2019\/#primaryimage"},"datePublished":"2018-11-06T14:14:55+00:00","dateModified":"2018-11-13T13:10:25+00:00","author":{"@id":"https:\/\/willybrandtcenter.org\/en\/en\/#\/schema\/person\/9ce466a5a19b1e4624e7adb23113c7c3"},"description":"Bewerber*innen, die eine Ausbildung, Studienabschluss oder eine vergleichbare Arbeitserfahrung haben, sind besonders gesucht.","breadcrumb":{"@id":"https:\/\/willybrandtcenter.org\/en\/de\/freiwillige-vor-2019\/#breadcrumb"},"inLanguage":"de","potentialAction":[{"@type":"ReadAction","target":["https:\/\/willybrandtcenter.org\/en\/de\/freiwillige-vor-2019\/"]}]},{"@type":"BreadcrumbList","@id":"https:\/\/willybrandtcenter.org\/en\/de\/freiwillige-vor-2019\/#breadcrumb","itemListElement":[{"@type":"ListItem","position":1,"name":"Home","item":"https:\/\/willybrandtcenter.org\/en\/de\/"},{"@type":"ListItem","position":2,"name":"Freiwilligendienst 2019\/2020 im Willy Brandt Center Jerusalem"}]},{"@type":"Person","@id":"https:\/\/willybrandtcenter.org\/en\/en\/#\/schema\/person\/9ce466a5a19b1e4624e7adb23113c7c3","name":"see stern","url":"https:\/\/willybrandtcenter.org\/en\/de\/author\/cheb\/"}]}},"_links":{"self":[{"href":"https:\/\/willybrandtcenter.org\/en\/de\/wp-json\/wp\/v2\/posts\/2448\/"}],"collection":[{"href":"https:\/\/willybrandtcenter.org\/en\/de\/wp-json\/wp\/v2\/posts\/"}],"about":[{"href":"https:\/\/willybrandtcenter.org\/en\/de\/wp-json\/wp\/v2\/types\/post\/"}],"author":[{"embeddable":true,"href":"https:\/\/willybrandtcenter.org\/en\/de\/wp-json\/wp\/v2\/users\/3\/"}],"replies":[{"embeddable":true,"href":"https:\/\/willybrandtcenter.org\/en\/de\/wp-json\/wp\/v2\/comments\/?post=2448"}],"version-history":[{"count":9,"href":"https:\/\/willybrandtcenter.org\/en\/de\/wp-json\/wp\/v2\/posts\/2448\/revisions\/"}],"predecessor-version":[{"id":2464,"href":"https:\/\/willybrandtcenter.org\/en\/de\/wp-json\/wp\/v2\/posts\/2448\/revisions\/2464\/"}],"wp:featuredmedia":[{"embeddable":true,"href":"https:\/\/willybrandtcenter.org\/en\/de\/wp-json\/wp\/v2\/media\/1977\/"}],"wp:attachment":[{"href":"https:\/\/willybrandtcenter.org\/en\/de\/wp-json\/wp\/v2\/media\/?parent=2448"}],"wp:term":[{"taxonomy":"category","embeddable":true,"href":"https:\/\/willybrandtcenter.org\/en\/de\/wp-json\/wp\/v2\/categories\/?post=2448"},{"taxonomy":"post_tag","embeddable":true,"href":"https:\/\/willybrandtcenter.org\/en\/de\/wp-json\/wp\/v2\/tags\/?post=2448"}],"curies":[{"name":"wp","href":"https:\/\/api.w.org\/{rel}","templated":true}]}}